{"id":979,"date":"2026-04-15T22:07:27","date_gmt":"2026-04-15T20:07:27","guid":{"rendered":"http:\/\/sashegyi.hu\/?p=979"},"modified":"2026-04-26T22:14:27","modified_gmt":"2026-04-26T20:14:27","slug":"elmenyalapu-tanulas-a-komfortzonan-tul-2-resz","status":"publish","type":"post","link":"http:\/\/sashegyi.hu\/?p=979","title":{"rendered":"\u201e\u00c9lm\u00e9nyalap\u00fa\u00a0tanul\u00e1s a komfortz\u00f3n\u00e1n t\u00fal\u201d (2. r\u00e9sz)"},"content":{"rendered":"\n<p>A tavaszi sz\u00fcnet ut\u00e1n sem t\u00e9tlenkedt\u00fcnk. <strong>Kom\u00e1romi Tam\u00e1s az Egyesek Ifj\u00fas\u00e1gi Egyes\u00fclet<\/strong> k\u00e9pviselet\u00e9ben j\u00f6tt el hozz\u00e1nk, hogy a gimnazist\u00e1inknak kiscsoportos form\u00e1ban bemutassa, mit is jelent val\u00f3j\u00e1ban az <strong>\u00d6nk\u00e9ntess\u00e9g<\/strong>. Az egyes\u00fclet tagja egy glob\u00e1lis h\u00e1l\u00f3zatnak, amihez t\u00f6bb mint 60 szervezet csatlakozik Eur\u00f3p\u00e1b\u00f3l, \u00c1zsi\u00e1b\u00f3l, Afrik\u00e1b\u00f3l \u00e9s Amerik\u00e1b\u00f3l.<\/p>\n\n\n\n<figure class=\"wp-block-image size-large\"><img loading=\"lazy\" decoding=\"async\" width=\"1200\" height=\"901\" src=\"http:\/\/sashegyi.hu\/wp-content\/uploads\/2026\/04\/egyesek-01-1200x901.jpg\" alt=\"\" class=\"wp-image-980\" srcset=\"http:\/\/sashegyi.hu\/wp-content\/uploads\/2026\/04\/egyesek-01-1200x901.jpg 1200w, http:\/\/sashegyi.hu\/wp-content\/uploads\/2026\/04\/egyesek-01-300x225.jpg 300w, http:\/\/sashegyi.hu\/wp-content\/uploads\/2026\/04\/egyesek-01-768x576.jpg 768w, http:\/\/sashegyi.hu\/wp-content\/uploads\/2026\/04\/egyesek-01-1536x1153.jpg 1536w, http:\/\/sashegyi.hu\/wp-content\/uploads\/2026\/04\/egyesek-01.jpg 1687w\" sizes=\"auto, (max-width: 1200px) 100vw, 1200px\" \/><\/figure>\n\n\n\n<p>El\u0151ad\u00f3nk a honlapjukon kereszt\u00fcl elmagyar\u00e1zta di\u00e1kjainknak, hogyan tudj\u00e1k megtal\u00e1lni a sz\u00e1mukra megfelel\u0151 id\u0151pontot, helysz\u00ednt \u00e9s t\u00e9m\u00e1t.<\/p>\n\n\n\n<p>M\u00e1r a kilencedikesek is tudnak ugyanis t\u00e1borokba jelentkezni, amiknek fontos jellemz\u0151je, hogy mindig a helyi k\u00f6z\u00f6ss\u00e9gekkel szoros egy\u00fcttm\u0171k\u00f6d\u00e9sben val\u00f3sulnak meg, \u00e9s valamilyen helyi ig\u00e9ny, sz\u00fcks\u00e9glet h\u00edvja \u00e9letre. A t\u00e1borok t\u00e9m\u00e1ja ez\u00e9rt nagyon sokf\u00e9le lehet: \u201edolgozhatsz gyerekekkel, id\u0151sekkel, foglalkozhatsz \u00e1llatokkal, de nagyon sok k\u00f6rnyezetv\u00e9delemmel kapcsolatos \u00f6kot\u00e1bort is tal\u00e1lhatsz, megismerkedhetsz helyi mez\u0151gazdas\u00e1gi technik\u00e1kkal, seg\u00edthetsz r\u00e9gi kast\u00e9lyok restaur\u00e1l\u00e1s\u00e1ban, besz\u00e1llhatsz fesztiv\u00e1lok szervez\u00e9s\u00e9be, s\u0151t kifejezetten nyelvtanul\u00f3s t\u00e1borokat is tal\u00e1lsz. Mindezt pedig egy sz\u00ednes nemzetk\u00f6zi csapatban!\u201d<\/p>\n\n\n\n<figure class=\"wp-block-image size-large\"><img loading=\"lazy\" decoding=\"async\" width=\"903\" height=\"1200\" src=\"http:\/\/sashegyi.hu\/wp-content\/uploads\/2026\/04\/egyesek-02-903x1200.jpg\" alt=\"\" class=\"wp-image-981\" srcset=\"http:\/\/sashegyi.hu\/wp-content\/uploads\/2026\/04\/egyesek-02-903x1200.jpg 903w, http:\/\/sashegyi.hu\/wp-content\/uploads\/2026\/04\/egyesek-02-226x300.jpg 226w, http:\/\/sashegyi.hu\/wp-content\/uploads\/2026\/04\/egyesek-02-768x1021.jpg 768w, http:\/\/sashegyi.hu\/wp-content\/uploads\/2026\/04\/egyesek-02.jpg 1076w\" sizes=\"auto, (max-width: 903px) 100vw, 903px\" \/><\/figure>\n\n\n\n<p>Az egyes\u00fclet k\u00e9pvisel\u0151je bemutatott n\u00e9h\u00e1ny megval\u00f3sult projektet, annak p\u00e1r perces vide\u00f3\u00f6ssze\u00e1ll\u00edt\u00e1s\u00e1t kedvcsin\u00e1l\u00f3k\u00e9nt. Megtudtuk, hogy ezeknek a t\u00e1boroknak a k\u00f6lts\u00e9geit Eur\u00f3pai Uni\u00f3s p\u00e1ly\u00e1zatokb\u00f3l fedezik, \u00edgy b\u00e1rki sz\u00e1m\u00e1ra el\u00e9rhet\u0151ek. Egy t\u00e1borba, viszont egy orsz\u00e1gb\u00f3l csak egy vagy k\u00e9t fiatal lesz kiv\u00e1lasztva, hiszen a c\u00e9l a szolidarit\u00e1s fejleszt\u00e9se.<\/p>\n\n\n\n<p>A k\u00f6z\u00f6s nyelv term\u00e9szetesen itt is az angol, a k\u00fcl\u00f6nb\u00f6z\u0151 projektekhez sz\u00fcks\u00e9ges tud\u00e1sszint viszont elt\u00e9r\u0151. A t\u00e1borokban azonban alapvet\u0151en csak tanult angolt besz\u00e9lnek a r\u00e9sztvev\u0151k, \u00edgy m\u00e9g ez sem szabhat g\u00e1tat annak, aki kevesebb angol tud\u00e1ssal \u00e9rkezik.<\/p>\n\n\n\n<figure class=\"wp-block-image size-large\"><img loading=\"lazy\" decoding=\"async\" width=\"1200\" height=\"900\" src=\"http:\/\/sashegyi.hu\/wp-content\/uploads\/2026\/04\/egyesek-03-1200x900.jpg\" alt=\"\" class=\"wp-image-982\" srcset=\"http:\/\/sashegyi.hu\/wp-content\/uploads\/2026\/04\/egyesek-03-1200x900.jpg 1200w, http:\/\/sashegyi.hu\/wp-content\/uploads\/2026\/04\/egyesek-03-300x225.jpg 300w, http:\/\/sashegyi.hu\/wp-content\/uploads\/2026\/04\/egyesek-03-768x576.jpg 768w, http:\/\/sashegyi.hu\/wp-content\/uploads\/2026\/04\/egyesek-03.jpg 1266w\" sizes=\"auto, (max-width: 1200px) 100vw, 1200px\" \/><\/figure>\n\n\n\n<p>Mai tendencia, hogy a fiatalok sokszor a 20-as \u00e9veik v\u00e9ge fel\u00e9 \u00e9lnek mind a t\u00e1borok, mind az \u00f6nk\u00e9ntess\u00e9g lehet\u0151s\u00e9g\u00e9vel. Ennek oka az \u00e1ltaluk v\u00e9gzett munka monotonit\u00e1sa, amely ut\u00e1n v\u00e1gynak m\u00e1r sz\u00ednes ny\u00e1ri programra, \u00e9s itt megtal\u00e1lj\u00e1k mindazt, amiben \u00f6r\u00f6m\u00fcket lelhetik, de egyben m\u00e1soknak is \u00f6r\u00f6mteli pillanatokat szerezhetnek. Tam\u00e1s arra is felh\u00edvta a figyelm\u00fcnket, hogy p\u00e9ld\u00e1ul N\u00e9metorsz\u00e1gban az egyetemi felv\u00e9teli el\u0151tt \u00e9rdemes f\u00e9l vagy egy \u00e9vre \u00f6nk\u00e9ntes programban r\u00e9szt venni, mert plusz pontot jelent az egyetemeken, mert ez\u00e1ltal id\u0151det \u00e9s energi\u00e1dat adod olyan tev\u00e9kenys\u00e9gekre, amelyek \u00e9rdekelnek, \u00e9s ezzel egy\u00fctt sokf\u00e9le dolgot kipr\u00f3b\u00e1lhatsz.<\/p>\n\n\n\n<figure class=\"wp-block-image size-large\"><img loading=\"lazy\" decoding=\"async\" width=\"1200\" height=\"897\" src=\"http:\/\/sashegyi.hu\/wp-content\/uploads\/2026\/04\/egyesek-04-1200x897.jpg\" alt=\"\" class=\"wp-image-983\" srcset=\"http:\/\/sashegyi.hu\/wp-content\/uploads\/2026\/04\/egyesek-04-1200x897.jpg 1200w, http:\/\/sashegyi.hu\/wp-content\/uploads\/2026\/04\/egyesek-04-300x224.jpg 300w, http:\/\/sashegyi.hu\/wp-content\/uploads\/2026\/04\/egyesek-04-768x574.jpg 768w, http:\/\/sashegyi.hu\/wp-content\/uploads\/2026\/04\/egyesek-04.jpg 1269w\" sizes=\"auto, (max-width: 1200px) 100vw, 1200px\" \/><\/figure>\n","protected":false},"excerpt":{"rendered":"<p>A tavaszi sz\u00fcnet ut\u00e1n sem t\u00e9tlenkedt\u00fcnk. Kom\u00e1romi Tam\u00e1s az Egyesek Ifj\u00fas\u00e1gi Egyes\u00fclet k\u00e9pviselet\u00e9ben j\u00f6tt el hozz\u00e1nk, hogy a gimnazist\u00e1inknak kiscsoportos form\u00e1ban bemutassa, mit is jelent val\u00f3j\u00e1ban az \u00d6nk\u00e9ntess\u00e9g. Az egyes\u00fclet tagja egy glob\u00e1lis h\u00e1l\u00f3zatnak, amihez t\u00f6bb mint 60 szervezet csatlakozik Eur\u00f3p\u00e1b\u00f3l, \u00c1zsi\u00e1b\u00f3l, Afrik\u00e1b\u00f3l \u00e9s Amerik\u00e1b\u00f3l. El\u0151ad\u00f3nk a honlapjukon kereszt\u00fcl elmagyar\u00e1zta di\u00e1kjainknak, hogyan tudj\u00e1k megtal\u00e1lni a [&hellip;]<\/p>\n","protected":false},"author":2,"featured_media":0,"comment_status":"open","ping_status":"open","sticky":false,"template":"","format":"standard","meta":{"footnotes":""},"categories":[9,22],"tags":[],"class_list":["post-979","post","type-post","status-publish","format-standard","hentry","category-25-26","category-erasmus-beszamolok"],"_links":{"self":[{"href":"http:\/\/sashegyi.hu\/index.php?rest_route=\/wp\/v2\/posts\/979","targetHints":{"allow":["GET"]}}],"collection":[{"href":"http:\/\/sashegyi.hu\/index.php?rest_route=\/wp\/v2\/posts"}],"about":[{"href":"http:\/\/sashegyi.hu\/index.php?rest_route=\/wp\/v2\/types\/post"}],"author":[{"embeddable":true,"href":"http:\/\/sashegyi.hu\/index.php?rest_route=\/wp\/v2\/users\/2"}],"replies":[{"embeddable":true,"href":"http:\/\/sashegyi.hu\/index.php?rest_route=%2Fwp%2Fv2%2Fcomments&post=979"}],"version-history":[{"count":2,"href":"http:\/\/sashegyi.hu\/index.php?rest_route=\/wp\/v2\/posts\/979\/revisions"}],"predecessor-version":[{"id":985,"href":"http:\/\/sashegyi.hu\/index.php?rest_route=\/wp\/v2\/posts\/979\/revisions\/985"}],"wp:attachment":[{"href":"http:\/\/sashegyi.hu\/index.php?rest_route=%2Fwp%2Fv2%2Fmedia&parent=979"}],"wp:term":[{"taxonomy":"category","embeddable":true,"href":"http:\/\/sashegyi.hu\/index.php?rest_route=%2Fwp%2Fv2%2Fcategories&post=979"},{"taxonomy":"post_tag","embeddable":true,"href":"http:\/\/sashegyi.hu\/index.php?rest_route=%2Fwp%2Fv2%2Ftags&post=979"}],"curies":[{"name":"wp","href":"https:\/\/api.w.org\/{rel}","templated":true}]}}