{"id":517,"date":"2025-05-28T06:36:00","date_gmt":"2025-05-28T04:36:00","guid":{"rendered":"http:\/\/sashegyi.hu\/go\/?p=517"},"modified":"2025-06-14T15:50:18","modified_gmt":"2025-06-14T13:50:18","slug":"irany-az-ur-kapu-tibornak-is-uzentek-a-sashegyisek","status":"publish","type":"post","link":"http:\/\/sashegyi.hu\/?p=517","title":{"rendered":"Ir\u00e1ny az \u0171r \u2013 Kapu Tibornak is \u00fczentek a sashegyisek"},"content":{"rendered":"\n<p>M\u00e1jus 28-\u00e1n az MTA Alumni programj\u00e1nak keret\u00e9ben Dr. Ferencz Orsolya, az E\u00f6tv\u00f6s Lor\u00e1nd Tudom\u00e1nyegyetem, F\u00f6ldrajz- \u00e9s F\u00f6ldtudom\u00e1nyi Int\u00e9zet\u00e9nek \u0171rkutat\u00f3ja l\u00e1togatott el iskol\u00e1nkba. Igaz\u00e1n aktu\u00e1lis k\u00e9rd\u00e9sben osztotta meg vel\u00fcnk hatalmas tud\u00e1s\u00e1nak egy r\u00e9sz\u00e9t, mag\u00e1val ragad\u00f3 el\u0151ad\u00e1s\u00e1nak t\u00e9m\u00e1ja ugyanis Kapu Tibor k\u00fcldet\u00e9se \u00e9s a magyar \u0171rmisszi\u00f3 volt.<\/p>\n\n\n\n<figure class=\"wp-block-image size-large\"><img loading=\"lazy\" decoding=\"async\" width=\"1200\" height=\"900\" src=\"http:\/\/sashegyi.hu\/wp-content\/uploads\/2025\/06\/IMG_6657-1200x900.jpg\" alt=\"\" class=\"wp-image-518\" srcset=\"http:\/\/sashegyi.hu\/wp-content\/uploads\/2025\/06\/IMG_6657-1200x900.jpg 1200w, http:\/\/sashegyi.hu\/wp-content\/uploads\/2025\/06\/IMG_6657-300x225.jpg 300w, http:\/\/sashegyi.hu\/wp-content\/uploads\/2025\/06\/IMG_6657-768x576.jpg 768w, http:\/\/sashegyi.hu\/wp-content\/uploads\/2025\/06\/IMG_6657-1536x1152.jpg 1536w, http:\/\/sashegyi.hu\/wp-content\/uploads\/2025\/06\/IMG_6657-2048x1536.jpg 2048w\" sizes=\"auto, (max-width: 1200px) 100vw, 1200px\" \/><\/figure>\n\n\n\n<p>Az el\u0151ad\u00e1snak ism\u00e9t a Zeneiskola Hangversenyterme adott otthont, ahol valamennyi gimn\u00e1ziumi tanul\u00f3nk jelen lehetett. Ferencz Orsolya nemcsak \u00e9rdekes dolgokr\u00f3l besz\u00e9lt, de tette mindezt lend\u00fcletes \u00e9s val\u00f3ban \u00e9rdekfesz\u00edt\u0151 m\u00f3don. Megtudhattuk, hogy jelenleg k\u00f6r\u00fclbel\u00fcl 10 ezer m\u0171k\u00f6d\u0151 m\u0171hold kering a fej\u00fcnk felett (elgondolkodtat\u00f3, hogy ennek nagyj\u00e1b\u00f3l 60-70%-a egyetlen ember tulajdon\u00e1ban van), hogy az \u0171rkutat\u00e1s oly sokr\u00e9t\u0171, hogy valamennyi hivat\u00e1s kapcsol\u00f3dhat hozz\u00e1, illetve, hogy kis haz\u00e1nk az \u0171rben nem is olyan kicsi. B\u00fcszk\u00e9k lehet\u00fcnk, hiszen Bay Zolt\u00e1n neve \u00e9pp\u00fagy nemzetk\u00f6zileg ismert a t\u00e9m\u00e1ban, mint Farkas Bertalan\u00e9, aki Magyarorsz\u00e1got k\u00e9pviselve gondoskodott r\u00f3la, hogy 7. orsz\u00e1gk\u00e9nt l\u00e9pj\u00fcnk ki az vil\u00e1g\u0171rbe. 2018-ban a K\u00fcl\u00fcgyminiszt\u00e9rium nagyot \u00e1lmodott, amikor \u00fajabb magyar \u0171rprogramot ind\u00edtott. Ha minden igaz, j\u00f6v\u0151 h\u00e9ten az \u00e1lom beteljes\u00fcl, hiszen Kapu Tibor j\u00fanius 8-\u00e1n, a kil\u00f6v\u00e9st k\u00f6vet\u0151en teljes\u00edtheti k\u00fcldet\u00e9s\u00e9t.<\/p>\n\n\n\n<figure class=\"wp-block-image size-large\"><img loading=\"lazy\" decoding=\"async\" width=\"1200\" height=\"900\" src=\"http:\/\/sashegyi.hu\/wp-content\/uploads\/2025\/06\/IMG_6656-1200x900.jpg\" alt=\"\" class=\"wp-image-519\" srcset=\"http:\/\/sashegyi.hu\/wp-content\/uploads\/2025\/06\/IMG_6656-1200x900.jpg 1200w, http:\/\/sashegyi.hu\/wp-content\/uploads\/2025\/06\/IMG_6656-300x225.jpg 300w, http:\/\/sashegyi.hu\/wp-content\/uploads\/2025\/06\/IMG_6656-768x576.jpg 768w, http:\/\/sashegyi.hu\/wp-content\/uploads\/2025\/06\/IMG_6656-1536x1152.jpg 1536w, http:\/\/sashegyi.hu\/wp-content\/uploads\/2025\/06\/IMG_6656-2048x1536.jpg 2048w\" sizes=\"auto, (max-width: 1200px) 100vw, 1200px\" \/><\/figure>\n\n\n\n<p>Ferencz Orsolya elmondta, hogy a kiv\u00e1lasztott asztronauta 2022-ben jelentkezett a programba. A rengeteg teszt, vizsg\u00e1lat \u00e9s pr\u00f3bat\u00e9tel ut\u00e1n tavaly m\u00e1jusban v\u00e1lasztott\u00e1k ki \u0151t a nagy kalandra, amelynek sor\u00e1n 30 tudom\u00e1nyos k\u00eds\u00e9rletet hajt majd v\u00e9gre 10 tudom\u00e1ny\u00e1gban. A k\u00fcldet\u00e9sen h\u00e1rom m\u00e1sik \u0171rhaj\u00f3ssal utazik majd egy Dragon \u0171rhaj\u00f3 fed\u00e9lzet\u00e9n, hogy azt\u00e1n a Nemzetk\u00f6zi \u0170r\u00e1llom\u00e1son r\u00e9szese lehessen az egyik legnagyobb tudom\u00e1nyos projektnek. Ehhez a misszi\u00f3hoz nemcsak fizikailag, ment\u00e1lisan \u00e9s szoci\u00e1lisan kell rendk\u00edv\u00fcl j\u00f3l teljes\u00edtenie, de megfelel\u0151 szakt\u00e1rgyi ismeretekkel is b\u00edrnia kell. Nem csoda h\u00e1t, ha a programot hossz\u00fa felk\u00e9sz\u00edt\u0151 id\u0151szak el\u0151zte meg.<\/p>\n\n\n\n<figure class=\"wp-block-image size-large\"><img loading=\"lazy\" decoding=\"async\" width=\"1200\" height=\"900\" src=\"http:\/\/sashegyi.hu\/wp-content\/uploads\/2025\/06\/IMG_6671-1200x900.jpg\" alt=\"\" class=\"wp-image-520\" srcset=\"http:\/\/sashegyi.hu\/wp-content\/uploads\/2025\/06\/IMG_6671-1200x900.jpg 1200w, http:\/\/sashegyi.hu\/wp-content\/uploads\/2025\/06\/IMG_6671-300x225.jpg 300w, http:\/\/sashegyi.hu\/wp-content\/uploads\/2025\/06\/IMG_6671-768x576.jpg 768w, http:\/\/sashegyi.hu\/wp-content\/uploads\/2025\/06\/IMG_6671-1536x1152.jpg 1536w, http:\/\/sashegyi.hu\/wp-content\/uploads\/2025\/06\/IMG_6671-2048x1536.jpg 2048w\" sizes=\"auto, (max-width: 1200px) 100vw, 1200px\" \/><\/figure>\n\n\n\n<p>Val\u00f3ban kem\u00e9ny napok v\u00e1rnak majd Kapu Tiborra \u00e9s t\u00e1rsaira, hiszen k\u00fcldet\u00e9s\u00fck sor\u00e1n meg kell k\u00fczdeni\u00fck a folyamatos kisv\u00e9rk\u00f6ri folyad\u00e9kt\u00falnyom\u00e1ssal, az \u0171rn\u00e1th\u00e1val, az id\u0151\u00e9rz\u00e9kel\u00e9s \u00e9s a l\u00e1t\u00e1s potenci\u00e1lis roml\u00e1s\u00e1val, az izomzat sorvad\u00e1s\u00e1val. Ut\u00f3bbi cs\u00f6kkent\u00e9s\u00e9re minden nap 2 \u00f3r\u00e1t edzenek, mik\u00f6zben saj\u00e1t kutat\u00e1suk mellett az \u0171r\u00e1llom\u00e1s fenntart\u00e1s\u00e1val kapcsolatos teend\u0151ket is el kell v\u00e9gezni\u00fck, feladataik \u00e9ppen ez\u00e9rt 5 perces id\u0151keretbe vannak leosztva.<\/p>\n\n\n\n<p>Hi\u00e1ba a sok teszt \u00e9s felk\u00e9sz\u00fcl\u00e9s, kisz\u00e1m\u00edthatatlan, hogy az \u0171r milyen reakci\u00f3t v\u00e1lt ki az asztronaut\u00e1k szervezet\u00e9b\u0151l. Egy biztos, Kapu Tibor mellett 15 milli\u00f3 magyar \u00e1ll majd b\u00fcszk\u00e9n. Nemcsak, mert magyark\u00e9nt vesz r\u00e9szt egy olyan k\u00fcldet\u00e9sben, ahol hazai tud\u00f3saink sz\u00fcrke\u00e1llom\u00e1nya meghat\u00e1roz\u00f3 szerepet j\u00e1tszik, vagy mert az ugyancsak magyar fejleszt\u00e9s\u0171 \u0171rbiztos csokol\u00e1d\u00e9val is meglepi majd t\u00e1rsait, hanem az\u00e9rt is, mert az \u0151 szem\u00e9ly\u00e9n kereszt\u00fcl minden di\u00e1k sz\u00e1m\u00e1ra k\u00e9zzelfoghat\u00f3 val\u00f3s\u00e1gg\u00e1 v\u00e1lik, hogy az \u00e1lmok igenis megval\u00f3s\u00edthat\u00f3ak! Csak tenn\u00fcnk kell \u00e9rt\u00fck.<\/p>\n\n\n\n<p><\/p>\n\n\n\n<p><\/p>\n","protected":false},"excerpt":{"rendered":"<p>M\u00e1jus 28-\u00e1n az MTA Alumni programj\u00e1nak keret\u00e9ben Dr. Ferencz Orsolya, az E\u00f6tv\u00f6s Lor\u00e1nd Tudom\u00e1nyegyetem, F\u00f6ldrajz- \u00e9s F\u00f6ldtudom\u00e1nyi Int\u00e9zet\u00e9nek \u0171rkutat\u00f3ja l\u00e1togatott el iskol\u00e1nkba. Igaz\u00e1n aktu\u00e1lis k\u00e9rd\u00e9sben osztotta meg vel\u00fcnk hatalmas tud\u00e1s\u00e1nak egy r\u00e9sz\u00e9t, mag\u00e1val ragad\u00f3 el\u0151ad\u00e1s\u00e1nak t\u00e9m\u00e1ja ugyanis Kapu Tibor k\u00fcldet\u00e9se \u00e9s a magyar \u0171rmisszi\u00f3 volt. Az el\u0151ad\u00e1snak ism\u00e9t a Zeneiskola Hangversenyterme adott otthont, ahol valamennyi [&hellip;]<\/p>\n","protected":false},"author":2,"featured_media":0,"comment_status":"open","ping_status":"open","sticky":false,"template":"","format":"standard","meta":{"footnotes":""},"categories":[6,5],"tags":[],"class_list":["post-517","post","type-post","status-publish","format-standard","hentry","category-24-25","category-alumni"],"_links":{"self":[{"href":"http:\/\/sashegyi.hu\/index.php?rest_route=\/wp\/v2\/posts\/517","targetHints":{"allow":["GET"]}}],"collection":[{"href":"http:\/\/sashegyi.hu\/index.php?rest_route=\/wp\/v2\/posts"}],"about":[{"href":"http:\/\/sashegyi.hu\/index.php?rest_route=\/wp\/v2\/types\/post"}],"author":[{"embeddable":true,"href":"http:\/\/sashegyi.hu\/index.php?rest_route=\/wp\/v2\/users\/2"}],"replies":[{"embeddable":true,"href":"http:\/\/sashegyi.hu\/index.php?rest_route=%2Fwp%2Fv2%2Fcomments&post=517"}],"version-history":[{"count":4,"href":"http:\/\/sashegyi.hu\/index.php?rest_route=\/wp\/v2\/posts\/517\/revisions"}],"predecessor-version":[{"id":642,"href":"http:\/\/sashegyi.hu\/index.php?rest_route=\/wp\/v2\/posts\/517\/revisions\/642"}],"wp:attachment":[{"href":"http:\/\/sashegyi.hu\/index.php?rest_route=%2Fwp%2Fv2%2Fmedia&parent=517"}],"wp:term":[{"taxonomy":"category","embeddable":true,"href":"http:\/\/sashegyi.hu\/index.php?rest_route=%2Fwp%2Fv2%2Fcategories&post=517"},{"taxonomy":"post_tag","embeddable":true,"href":"http:\/\/sashegyi.hu\/index.php?rest_route=%2Fwp%2Fv2%2Ftags&post=517"}],"curies":[{"name":"wp","href":"https:\/\/api.w.org\/{rel}","templated":true}]}}