{"id":472,"date":"2025-05-20T11:26:34","date_gmt":"2025-05-20T09:26:34","guid":{"rendered":"http:\/\/sashegyi.hu\/go\/?p=472"},"modified":"2025-06-14T15:44:03","modified_gmt":"2025-06-14T13:44:03","slug":"muvesztanarok-muveszpalantak-kepzomuveszeti-kiallitas-sashegyis-tanaraink-es-diakjaink-alkotasaibol","status":"publish","type":"post","link":"http:\/\/sashegyi.hu\/?p=472","title":{"rendered":"\u201eM\u0171v\u00e9sztan\u00e1rok &#8211; M\u0171v\u00e9szpal\u00e1nt\u00e1k\u201d k\u00e9pz\u0151m\u0171v\u00e9szeti ki\u00e1ll\u00edt\u00e1s sashegyis tan\u00e1raink \u00e9s di\u00e1kjaink alkot\u00e1saib\u00f3l"},"content":{"rendered":"\n<p>K\u00fcl\u00f6nleges ki\u00e1ll\u00edt\u00e1snak voltunk tan\u00fai 2025. m\u00e1jus 8-\u00e1n a pom\u00e1zi <strong>Teleki-Wattay-kast\u00e9lyban<\/strong>. Iskol\u00e1nk <strong>m\u0171v\u00e9sztan\u00e1rai saj\u00e1t munk\u00e1ikb\u00f3l <\/strong>mutattak meg egy-egy szeletet. <strong>V\u00e1ltozatos technik\u00e1j\u00fa alkot\u00e1sokat <\/strong>l\u00e1thattunk: r\u00e9zlemezb\u0151l k\u00e9sz\u00fclt t\u0171znyelveket megjelen\u00edt\u0151 cirkuszi cilindert, k\u00f6z\u00e9pkori lovagg\u00e1 avat\u00e1st \u00e1br\u00e1zol\u00f3 k\u00f3dexlapot nemezb\u0151l, dekorat\u00edv sz\u00ednespap\u00edr-koll\u00e1zst n\u0151i alakokkal, lin\u00f3metszet technik\u00e1val k\u00e9sz\u00edtett fekete-feh\u00e9r n\u00f6v\u00e9nytanulm\u00e1nyt, \u00e9s m\u00e9g sok egyedi szobrot, fest\u00e9szeti, grafikai alkot\u00e1st. <strong>Feh\u00e9r Juli pom\u00e1zi sz\u00ednm\u0171v\u00e9sz-koll\u00e9gan\u0151nk<\/strong> m\u00e9ltatta szakmailag \u00e9s szem\u00e9lyes szavakkal a ki\u00e1ll\u00edt\u00f3k \u00e9rdemeit.<\/p>\n\n\n<div class=\"wp-block-image\">\n<figure class=\"aligncenter\"><img decoding=\"async\" src=\"https:\/\/lh3.googleusercontent.com\/pw\/AP1GczN35b4Bt-iYQL-bTB0j6WvBHxLCg6a1M2O98ipF4jTuYMt5PlJHNZ8VLBWlATJPPLAd-rghAutKUdHDEW5WmPox9GjU4roUlt5DTtHGf0ZQAXfx-09xiw3ftT3SdVh6bihNAb0duwdyP-MGr64ttBvo=w1185-h889-s-no?authuser=0\" alt=\"https:\/\/lh3.googleusercontent.com\/pw\/AP1GczN35b4Bt-iYQL-bTB0j6WvBHxLCg6a1M2O98ipF4jTuYMt5PlJHNZ8VLBWlATJPPLAd-rghAutKUdHDEW5WmPox9GjU4roUlt5DTtHGf0ZQAXfx-09xiw3ftT3SdVh6bihNAb0duwdyP-MGr64ttBvo=w1185-h889-s-no?authuser=0\"\/><\/figure><\/div>\n\n\n<p>De nemcsak a tan\u00e1rok mutathatt\u00e1k meg tehets\u00e9g\u00fcket, hanem \u00faj \u00f6tletk\u00e9nt a <strong>ki\u00e1ll\u00edt\u00e1smegnyit\u00f3 egyben d\u00edj\u00e1tad\u00f3 \u00fcnneps\u00e9g<\/strong> is lett. Ugyanis ehhez csatlakozott iskol\u00e1nk 10 \u00e9ves hagyom\u00e1nya: a <strong>Luk\u00e1cs J\u00e1nos K\u00e9pz\u0151m\u0171v\u00e9szeti Eml\u00e9kverseny<\/strong>, melynek idei t\u00e9m\u00e1ja a <strong>\u201eMes\u00e9l\u0151 v\u00e1rak\u201d <\/strong>voltak. A m\u0171v\u00e9sztan\u00e1rainkb\u00f3l \u00e1ll\u00f3 zs\u0171ri <strong>3 kateg\u00f3ri\u00e1ban (rajz, kisplasztika \u00e9s fotogr\u00e1fia)<\/strong> is osztott d\u00edjakat. A di\u00e1kok megjelen\u00edtettek v\u00e1rakat \u00e9s annak lak\u00f3it, kir\u00e1lyn\u0151ket, lovagokat pap\u00edron vagy agyagb\u00f3l. A nagyobbak t\u00f6bbek k\u00f6zt M\u00e1ty\u00e1s kir\u00e1lyt, Szent Erzs\u00e9betet \u00e9s a Lilaruh\u00e1s n\u0151t. Az <strong>1-10. \u00e9vfolyamig<\/strong> be\u00e9rkezett, csaknem 130 p\u00e1lyamunk\u00e1b\u00f3l <strong>36-ot oklev\u00e9llel<\/strong> \u00e9s \u00e9rt\u00e9kes <strong>rajzeszk\u00f6zzel<\/strong> is jutalmazott a zs\u0171ri. Mindemellett a <strong>gimnazista di\u00e1kok fotop\u00e1ly\u00e1zat<\/strong> gy\u0151ztes munk\u00e1i \u00e9s <strong>5 \u00f6n\u00e1ll\u00f3 ki\u00e1ll\u00edt\u00f3 tehets\u00e9ges di\u00e1kunk <\/strong>alkot\u00e1sai is emelt\u00e9k a ki\u00e1ll\u00edt\u00f3 terem sz\u00ednvonal\u00e1t.<\/p>\n\n\n\n<p>Ki\u00e1ll\u00edt\u00f3 <strong>m\u0171v\u00e9sztan\u00e1raink:<\/strong><\/p>\n\n\n\n<ul class=\"wp-block-list\">\n<li><strong>Hlavacska Orsolya<\/strong> (m\u0171v\u00e9szetterapeuta, vizu\u00e1lis-kult\u00fara-tan\u00e1r),<\/li>\n\n\n\n<li><strong>Horv\u00e1th M\u00f3nika<\/strong> (szaxofonm\u0171v\u00e9sz, \u00e9nek-zene tan\u00e1r),<\/li>\n\n\n\n<li><strong>Parcz Anna<\/strong> (n\u00e9pi iparm\u0171v\u00e9sz, keramikus, vizu\u00e1lis-kult\u00fara-tan\u00e1r),<\/li>\n\n\n\n<li><strong>Seres J\u00e1nos<\/strong> (szobr\u00e1szm\u0171v\u00e9sz, technika- \u00e9s plasztika tan\u00e1r).<\/li>\n<\/ul>\n\n\n\n<p>K\u00f6sz\u00f6nj\u00fck ezt a nem mindennapi \u00e9lm\u00e9nyt nekik \u00e9s minden r\u00e9sztvev\u0151nek, vend\u00e9gnek, valamint az ICO Zrt. \u00e9s a T\u00e1rlat Kft. t\u00e1mogat\u00e1s\u00e1t. Gratul\u00e1lunk a d\u00edjazottaknak!<\/p>\n\n\n\n<p>Szeretettel invit\u00e1ljuk \u00d6n\u00f6ket a ki\u00e1ll\u00edt\u00e1s megtekint\u00e9s\u00e9re <strong>m\u00e1jus 28-ig <\/strong>a kast\u00e9lyba, ami nyitva tart minden nap reggelt\u0151l estig.<\/p>\n\n\n\n<p>A k\u00e9pekhez kattints ide: <a href=\"https:\/\/photos.app.goo.gl\/tc4nvPUEiG552SQd8\">https:\/\/photos.app.goo.gl\/tc4nvPUEiG552SQd8<\/a><\/p>\n","protected":false},"excerpt":{"rendered":"<p>K\u00fcl\u00f6nleges ki\u00e1ll\u00edt\u00e1snak voltunk tan\u00fai 2025. m\u00e1jus 8-\u00e1n a pom\u00e1zi Teleki-Wattay-kast\u00e9lyban. Iskol\u00e1nk m\u0171v\u00e9sztan\u00e1rai saj\u00e1t munk\u00e1ikb\u00f3l mutattak meg egy-egy szeletet. V\u00e1ltozatos technik\u00e1j\u00fa alkot\u00e1sokat l\u00e1thattunk: r\u00e9zlemezb\u0151l k\u00e9sz\u00fclt t\u0171znyelveket megjelen\u00edt\u0151 cirkuszi cilindert, k\u00f6z\u00e9pkori lovagg\u00e1 avat\u00e1st \u00e1br\u00e1zol\u00f3 k\u00f3dexlapot nemezb\u0151l, dekorat\u00edv sz\u00ednespap\u00edr-koll\u00e1zst n\u0151i alakokkal, lin\u00f3metszet technik\u00e1val k\u00e9sz\u00edtett fekete-feh\u00e9r n\u00f6v\u00e9nytanulm\u00e1nyt, \u00e9s m\u00e9g sok egyedi szobrot, fest\u00e9szeti, grafikai alkot\u00e1st. Feh\u00e9r Juli pom\u00e1zi sz\u00ednm\u0171v\u00e9sz-koll\u00e9gan\u0151nk [&hellip;]<\/p>\n","protected":false},"author":2,"featured_media":0,"comment_status":"open","ping_status":"open","sticky":false,"template":"","format":"standard","meta":{"footnotes":""},"categories":[6],"tags":[],"class_list":["post-472","post","type-post","status-publish","format-standard","hentry","category-24-25"],"_links":{"self":[{"href":"http:\/\/sashegyi.hu\/index.php?rest_route=\/wp\/v2\/posts\/472","targetHints":{"allow":["GET"]}}],"collection":[{"href":"http:\/\/sashegyi.hu\/index.php?rest_route=\/wp\/v2\/posts"}],"about":[{"href":"http:\/\/sashegyi.hu\/index.php?rest_route=\/wp\/v2\/types\/post"}],"author":[{"embeddable":true,"href":"http:\/\/sashegyi.hu\/index.php?rest_route=\/wp\/v2\/users\/2"}],"replies":[{"embeddable":true,"href":"http:\/\/sashegyi.hu\/index.php?rest_route=%2Fwp%2Fv2%2Fcomments&post=472"}],"version-history":[{"count":1,"href":"http:\/\/sashegyi.hu\/index.php?rest_route=\/wp\/v2\/posts\/472\/revisions"}],"predecessor-version":[{"id":473,"href":"http:\/\/sashegyi.hu\/index.php?rest_route=\/wp\/v2\/posts\/472\/revisions\/473"}],"wp:attachment":[{"href":"http:\/\/sashegyi.hu\/index.php?rest_route=%2Fwp%2Fv2%2Fmedia&parent=472"}],"wp:term":[{"taxonomy":"category","embeddable":true,"href":"http:\/\/sashegyi.hu\/index.php?rest_route=%2Fwp%2Fv2%2Fcategories&post=472"},{"taxonomy":"post_tag","embeddable":true,"href":"http:\/\/sashegyi.hu\/index.php?rest_route=%2Fwp%2Fv2%2Ftags&post=472"}],"curies":[{"name":"wp","href":"https:\/\/api.w.org\/{rel}","templated":true}]}}